{"id":15269,"date":"2018-04-05T01:50:02","date_gmt":"2018-04-04T22:50:02","guid":{"rendered":"https:\/\/sonrieparavivirmejor.com\/?p=15269"},"modified":"2018-04-05T01:53:43","modified_gmt":"2018-04-04T22:53:43","slug":"todo-lo-que-debes-saber-sobre-los-suenos-lucidos","status":"publish","type":"post","link":"https:\/\/sonrieparavivirmejor.com\/?p=15269","title":{"rendered":"Todo lo que debes saber sobre los sue\u00f1os l\u00facidos"},"content":{"rendered":"<h4 style=\"text-align: center;\"><span style=\"color: #003366;\">\u00bfSe puede aprender a controlar lo que so\u00f1amos? \u00bfTodo el mundo tiene sue\u00f1os l\u00facidos? \u00bfCu\u00e1l es su potencial terap\u00e9utico? Las \u00faltimas investigaciones responden estos interrogantes<\/span><\/h4>\n<h3 class=\"ladillo\"><span style=\"color: #ff6600;\">\u00bfQu\u00e9 son los sue\u00f1os l\u00facidos?<\/span><\/h3>\n<p><img fetchpriority=\"high\" decoding=\"async\" data-attachment-id=\"15270\" data-permalink=\"https:\/\/sonrieparavivirmejor.com\/?attachment_id=15270\" data-orig-file=\"https:\/\/sonrieparavivirmejor.com\/wp-content\/uploads\/2018\/04\/lucidos01.jpg\" data-orig-size=\"644,362\" data-comments-opened=\"0\" data-image-meta=\"{&quot;aperture&quot;:&quot;0&quot;,&quot;credit&quot;:&quot;&quot;,&quot;camera&quot;:&quot;&quot;,&quot;caption&quot;:&quot;&quot;,&quot;created_timestamp&quot;:&quot;0&quot;,&quot;copyright&quot;:&quot;&quot;,&quot;focal_length&quot;:&quot;0&quot;,&quot;iso&quot;:&quot;0&quot;,&quot;shutter_speed&quot;:&quot;0&quot;,&quot;title&quot;:&quot;&quot;,&quot;orientation&quot;:&quot;0&quot;}\" data-image-title=\"lucidos01\" data-image-description=\"\" data-image-caption=\"\" data-medium-file=\"https:\/\/sonrieparavivirmejor.com\/wp-content\/uploads\/2018\/04\/lucidos01-300x169.jpg\" data-large-file=\"https:\/\/sonrieparavivirmejor.com\/wp-content\/uploads\/2018\/04\/lucidos01.jpg\" class=\"aligncenter size-full wp-image-15270\" src=\"https:\/\/sonrieparavivirmejor.com\/wp-content\/uploads\/2018\/04\/lucidos01.jpg\" alt=\"\" width=\"644\" height=\"362\" \/><\/p>\n<p>Controlar los propios sue\u00f1os y vivir en ellos aventuras imposibles en la vida real es una idea tentadora que incluso se ha llevado al cine. Sin embargo, algunas personas pueden hacerlo porque tienen un tipo de sue\u00f1os llamados l\u00facidos y\u00a0<strong>son conscientes de estar so\u00f1ando<\/strong>. A veces, incluso pueden desempe\u00f1ar un papel activo y se convierten en directores de la pel\u00edcula de sus sue\u00f1os, cuyo gui\u00f3n pueden ir improvisando a capricho. En ocasiones, tienen la sensaci\u00f3n de despertar dentro del sue\u00f1o y saber que pueden seguir so\u00f1ando. Pueden hacerlo porque su l\u00f3bulo frontal no est\u00e1 totalmente dormido.<\/p>\n<p>Se trata de\u00a0<strong>un estado intermedio entre el sue\u00f1o<\/strong>, donde la consciencia casi se desconecta,\u00a0<strong>y la vigilia<\/strong>, donde est\u00e1 a pleno funcionamiento. Y tienen lugar durante la fase REM, en la que se dan las enso\u00f1aciones. Algunas personas que participan en experimentos son capaces de indicar a los investigadores, mediante una se\u00f1al pactada, cu\u00e1ndo los est\u00e1n experimentando. Y los investigadores pueden corroborar si es cierto por sus ondas cerebrales. Esta capacidad supone que durante el sue\u00f1o recuerdan la se\u00f1al pactada mientras duermen, lo que requiere un cierto grado de consciencia.<\/p>\n<h3 class=\"ladillo\"><span style=\"color: #ff6600;\">\u00bfPor qu\u00e9 se producen?<\/span><\/h3>\n<p><img decoding=\"async\" data-attachment-id=\"15271\" data-permalink=\"https:\/\/sonrieparavivirmejor.com\/?attachment_id=15271\" data-orig-file=\"https:\/\/sonrieparavivirmejor.com\/wp-content\/uploads\/2018\/04\/lucidos02.jpg\" data-orig-size=\"644,362\" data-comments-opened=\"0\" data-image-meta=\"{&quot;aperture&quot;:&quot;0&quot;,&quot;credit&quot;:&quot;&quot;,&quot;camera&quot;:&quot;&quot;,&quot;caption&quot;:&quot;&quot;,&quot;created_timestamp&quot;:&quot;0&quot;,&quot;copyright&quot;:&quot;&quot;,&quot;focal_length&quot;:&quot;0&quot;,&quot;iso&quot;:&quot;0&quot;,&quot;shutter_speed&quot;:&quot;0&quot;,&quot;title&quot;:&quot;&quot;,&quot;orientation&quot;:&quot;0&quot;}\" data-image-title=\"lucidos02\" data-image-description=\"\" data-image-caption=\"\" data-medium-file=\"https:\/\/sonrieparavivirmejor.com\/wp-content\/uploads\/2018\/04\/lucidos02-300x169.jpg\" data-large-file=\"https:\/\/sonrieparavivirmejor.com\/wp-content\/uploads\/2018\/04\/lucidos02.jpg\" class=\"aligncenter size-full wp-image-15271\" src=\"https:\/\/sonrieparavivirmejor.com\/wp-content\/uploads\/2018\/04\/lucidos02.jpg\" alt=\"\" width=\"644\" height=\"362\" \/><\/p>\n<p>La consciencia no se desconecta del todo mientras dormimos. Siempre hay un bajo nivel que nos puede hacer despertar cuando o\u00edmos algo significativo, nuestro nombre o un ruido. Pero en el sue\u00f1o l\u00facido la actividad cerebral aumenta, especialmente en la parte frontal del cerebro, que est\u00e1 relacionada con la actividad cognitiva. Se puede medir porque\u00a0<strong>aparecen ondas cerebrales en la banda gamma<\/strong>, como explicaba a ABC, Ursula Voss, catedr\u00e1tica de psicolog\u00eda de la Universidad de Bonn, experta en este tipo de su\u00f1eos.<\/p>\n<p>Cuanto m\u00e1s r\u00e1pida es esa actividad gamma, mayor ser\u00e1 el procesamiento cognitivo en general. Es lo que ocurre cuando estamos pensando. Por el contrario la actividad gamma es muy baja en el sue\u00f1o profundo. Sin embargo, en el sue\u00f1o l\u00facido aparece tambi\u00e9n esta actividad, aunque en menor medida que durante la vigilia.<\/p>\n<h3 class=\"ladillo\"><span style=\"color: #ff6600;\">\u00bfSon frecuentes?<\/span><\/h3>\n<p><img decoding=\"async\" data-attachment-id=\"15272\" data-permalink=\"https:\/\/sonrieparavivirmejor.com\/?attachment_id=15272\" data-orig-file=\"https:\/\/sonrieparavivirmejor.com\/wp-content\/uploads\/2018\/04\/lucidos03.jpg\" data-orig-size=\"644,362\" data-comments-opened=\"0\" data-image-meta=\"{&quot;aperture&quot;:&quot;0&quot;,&quot;credit&quot;:&quot;&quot;,&quot;camera&quot;:&quot;&quot;,&quot;caption&quot;:&quot;&quot;,&quot;created_timestamp&quot;:&quot;0&quot;,&quot;copyright&quot;:&quot;&quot;,&quot;focal_length&quot;:&quot;0&quot;,&quot;iso&quot;:&quot;0&quot;,&quot;shutter_speed&quot;:&quot;0&quot;,&quot;title&quot;:&quot;&quot;,&quot;orientation&quot;:&quot;0&quot;}\" data-image-title=\"lucidos03\" data-image-description=\"\" data-image-caption=\"\" data-medium-file=\"https:\/\/sonrieparavivirmejor.com\/wp-content\/uploads\/2018\/04\/lucidos03-300x169.jpg\" data-large-file=\"https:\/\/sonrieparavivirmejor.com\/wp-content\/uploads\/2018\/04\/lucidos03.jpg\" class=\"aligncenter size-full wp-image-15272\" src=\"https:\/\/sonrieparavivirmejor.com\/wp-content\/uploads\/2018\/04\/lucidos03.jpg\" alt=\"\" width=\"644\" height=\"362\" \/><\/p>\n<p>Los adultos rara vez los tienen. Hay mucha literatura esot\u00e9rica al respecto.\u00a0<strong>Muchas personas en internet aseguran que son l\u00facidas, pero en el laboratorio se comprueba que no es cierto<\/strong>. Aparte de otros indicadores, se registra la actividad gamma, de alta frecuencia, com\u00fan a la vigilia. Esta actividad no la tenemos al nacer, es adquirida y aumenta con la capacidad cognitiva. Cuanto m\u00e1s inteligentes seamos, m\u00e1s actividad gamma tenemos., explica \u00darsula Voss<\/p>\n<p><strong>Son mucho m\u00e1s frecuentes entre los 10 y 19 a\u00f1os<\/strong>, en especial entre los ni\u00f1os m\u00e1s inteligentes. A menudo empiezan a so\u00f1ar de una manera l\u00facida\u00a0<strong>cuando tienen pesadilla,\u00a0<\/strong>como autodefensa. Es posible que los sue\u00f1os l\u00facidos se den porque las redes neuronales est\u00e1n en desarrollo, y por accidente se pueden activar durante la noche las que est\u00e1n implicadas en la consciencia. Si coincide con una pesadilla, el ni\u00f1o se da cuenta de que est\u00e1 so\u00f1ando, y si son frecuentes aprenden a cambiar el contenido del sue\u00f1o. Es una aplicaci\u00f3n terap\u00e9utica.<\/p>\n<h3 class=\"ladillo\"><span style=\"color: #ff6600;\">El cerebro de los so\u00f1adores l\u00facidos es diferente<\/span><\/h3>\n<p><img loading=\"lazy\" decoding=\"async\" data-attachment-id=\"15274\" data-permalink=\"https:\/\/sonrieparavivirmejor.com\/?attachment_id=15274\" data-orig-file=\"https:\/\/sonrieparavivirmejor.com\/wp-content\/uploads\/2018\/04\/lucidos04.jpg\" data-orig-size=\"644,362\" data-comments-opened=\"0\" data-image-meta=\"{&quot;aperture&quot;:&quot;0&quot;,&quot;credit&quot;:&quot;&quot;,&quot;camera&quot;:&quot;&quot;,&quot;caption&quot;:&quot;&quot;,&quot;created_timestamp&quot;:&quot;0&quot;,&quot;copyright&quot;:&quot;&quot;,&quot;focal_length&quot;:&quot;0&quot;,&quot;iso&quot;:&quot;0&quot;,&quot;shutter_speed&quot;:&quot;0&quot;,&quot;title&quot;:&quot;&quot;,&quot;orientation&quot;:&quot;0&quot;}\" data-image-title=\"lucidos04\" data-image-description=\"\" data-image-caption=\"\" data-medium-file=\"https:\/\/sonrieparavivirmejor.com\/wp-content\/uploads\/2018\/04\/lucidos04-300x169.jpg\" data-large-file=\"https:\/\/sonrieparavivirmejor.com\/wp-content\/uploads\/2018\/04\/lucidos04.jpg\" class=\"aligncenter size-full wp-image-15274\" src=\"https:\/\/sonrieparavivirmejor.com\/wp-content\/uploads\/2018\/04\/lucidos04.jpg\" alt=\"\" width=\"644\" height=\"362\" \/><\/p>\n<p>Neurocient\u00edficos del Instituto Max Planck para el Desarrollo Humano en Berl\u00edn y el Instituto Max Planck de Psiquiatr\u00eda, en Munich, han comparado las estructuras cerebrales de las personas que tienen sue\u00f1os l\u00facidos de forma habitual y los que no los tienen nunca o casi nunca. Sus resultados se acaban de publicar en \u201c<a href=\"http:\/\/www.ncbi.nlm.nih.gov\/pubmed\/?term=Metacognitive+Mechanisms+Underlying+Lucid+Dreaming\">The Journal of Neuroscience<\/a>\u201d.<\/p>\n<p>Y lo que han descubierto es que, la corteza prefrontal,\u00a0<strong>el \u00e1rea del cerebro que permite la autorreflexi\u00f3n, es m\u00e1s grande en los so\u00f1adores l\u00facidos<\/strong>\u00a0que en los que no los experimentan nunca o casi nunca. Lo que hace pensar que posiblemente son m\u00e1s autorreflexivos cuando est\u00e1n despiertos. Probablemente, especulan, el sue\u00f1o l\u00facido est\u00e1 estrechamente relacionado con la capacidad humana de autorreflexi\u00f3n, que se conoce como metacognici\u00f3n.<\/p>\n<p>Pero\u00a0<strong>algunos psic\u00f3logos de orientaci\u00f3n psicoanal\u00edtica le dar\u00edan otra explicaci\u00f3n<\/strong>: las personas que tienen sue\u00f1os l\u00facidos tienen\u00a0<strong>un control muy r\u00edgidos de sus acciones<\/strong>, una caracter\u00edstica que aparecer\u00edan tambi\u00e9n en los sue\u00f1os, en los que son capaces de intervenir. Una hip\u00f3tesis tambi\u00e9n es plausible, puesto que en la corteza prefrontal, la que seg\u00fan este estudio tienen m\u00e1s grande los so\u00f1adores l\u00facidos, se graban las normas sociales y morales&#8230;<\/p>\n<h3 class=\"ladillo\"><span style=\"color: #ff6600;\">\u00bfSe pueden entrenar estos sue\u00f1os?<\/span><\/h3>\n<p><img loading=\"lazy\" decoding=\"async\" data-attachment-id=\"15273\" data-permalink=\"https:\/\/sonrieparavivirmejor.com\/?attachment_id=15273\" data-orig-file=\"https:\/\/sonrieparavivirmejor.com\/wp-content\/uploads\/2018\/04\/lucidos05.jpg\" data-orig-size=\"644,362\" data-comments-opened=\"0\" data-image-meta=\"{&quot;aperture&quot;:&quot;0&quot;,&quot;credit&quot;:&quot;&quot;,&quot;camera&quot;:&quot;&quot;,&quot;caption&quot;:&quot;&quot;,&quot;created_timestamp&quot;:&quot;0&quot;,&quot;copyright&quot;:&quot;&quot;,&quot;focal_length&quot;:&quot;0&quot;,&quot;iso&quot;:&quot;0&quot;,&quot;shutter_speed&quot;:&quot;0&quot;,&quot;title&quot;:&quot;&quot;,&quot;orientation&quot;:&quot;0&quot;}\" data-image-title=\"lucidos05\" data-image-description=\"\" data-image-caption=\"\" data-medium-file=\"https:\/\/sonrieparavivirmejor.com\/wp-content\/uploads\/2018\/04\/lucidos05-300x169.jpg\" data-large-file=\"https:\/\/sonrieparavivirmejor.com\/wp-content\/uploads\/2018\/04\/lucidos05.jpg\" class=\"aligncenter size-full wp-image-15273\" src=\"https:\/\/sonrieparavivirmejor.com\/wp-content\/uploads\/2018\/04\/lucidos05.jpg\" alt=\"\" width=\"644\" height=\"362\" \/><\/p>\n<p>Los foros de Internet y los blogs est\u00e1n llenos de instrucciones y consejos sobre la forma de conseguir el sue\u00f1o l\u00facido. Pero la realidad es que\u00a0<strong>no es f\u00e1cil lograrlo<\/strong>, lleva hasta seis meses y no todos los consiguen, para disgusto de algunos neurocient\u00edficos, que se sirven de este tipo de enso\u00f1aciones para investigar cuestiones tan escurridizas como la consciencia.<\/p>\n<p>Seg\u00fan Stephen LaBerge, autor de \u00abExplorando el mundo de los sue\u00f1os l\u00facidos\u00bb y probablemente uno de los mayores expertos en la materia, la frecuencia de estos sue\u00f1os aumenta si se entrena a las personas en detectar los contenidos absurdos de los sue\u00f1os, que habitualmente nos parecen normales mientras so\u00f1amos. Esto ayudar\u00eda a reconocer que estamos so\u00f1ando, la caracter\u00edstica de los sue\u00f1os l\u00facidos.<\/p>\n<p>Los neurocient\u00edficos del Max Planck quieren darle una vuelta al asunto para saber si las habilidades metacognitivas, de autorreflexi\u00f3n, se pueden potenciar mediante este tipo de sue\u00f1os. Tienen la intenci\u00f3n de entrenar a los voluntarios en sue\u00f1os l\u00facidos para examinar si esto mejora la capacidad de autorreflexi\u00f3n. Aunque quiz\u00e1s fuese m\u00e1s f\u00e1cil hacerlo a la inversa, entrenar la capacidad de autorreflexi\u00f3n y ver si con ello se favorecen los sue\u00f1os l\u00facidos&#8230;<\/p>\n<h3 class=\"ladillo\"><span style=\"color: #ff6600;\">Se pueden provocar por estimulaci\u00f3n cerebral<\/span><\/h3>\n<p><img loading=\"lazy\" decoding=\"async\" data-attachment-id=\"15275\" data-permalink=\"https:\/\/sonrieparavivirmejor.com\/?attachment_id=15275\" data-orig-file=\"https:\/\/sonrieparavivirmejor.com\/wp-content\/uploads\/2018\/04\/lucidos06.jpg\" data-orig-size=\"644,362\" data-comments-opened=\"0\" data-image-meta=\"{&quot;aperture&quot;:&quot;0&quot;,&quot;credit&quot;:&quot;&quot;,&quot;camera&quot;:&quot;&quot;,&quot;caption&quot;:&quot;&quot;,&quot;created_timestamp&quot;:&quot;0&quot;,&quot;copyright&quot;:&quot;&quot;,&quot;focal_length&quot;:&quot;0&quot;,&quot;iso&quot;:&quot;0&quot;,&quot;shutter_speed&quot;:&quot;0&quot;,&quot;title&quot;:&quot;&quot;,&quot;orientation&quot;:&quot;0&quot;}\" data-image-title=\"lucidos06\" data-image-description=\"\" data-image-caption=\"\" data-medium-file=\"https:\/\/sonrieparavivirmejor.com\/wp-content\/uploads\/2018\/04\/lucidos06-300x169.jpg\" data-large-file=\"https:\/\/sonrieparavivirmejor.com\/wp-content\/uploads\/2018\/04\/lucidos06.jpg\" class=\"aligncenter size-full wp-image-15275\" src=\"https:\/\/sonrieparavivirmejor.com\/wp-content\/uploads\/2018\/04\/lucidos06.jpg\" alt=\"\" width=\"644\" height=\"362\" \/><\/p>\n<p>El equipo de la psic\u00f3loga Ursula Voss, experta en este tipo de sue\u00f1os, ante la dificultad de entrenar sujetos para sus investigaciones, se plante\u00f3 inducirlos. Y logr\u00f3 en mayo del a\u00f1o pasado. Para ello estimularon el cerebro con ondas gamma durante la fase REM del sue\u00f1o. Sus resultados los publicaron en las revista \u00abNature Neuroscience\u00bb.<\/p>\n<p>A trav\u00e9s de electrodos en el cuero cabelludo lograron, mediante una t\u00e9cnica llamada estimulaci\u00f3n transcraneal de corriente alterna (tACS por su sigla en ingl\u00e9s), que los 27 voluntarios tomaran consciencia de que estaban so\u00f1ando. Voss no prev\u00e9 un mercado comercial para los dispositivos de sue\u00f1os l\u00facidos. Y advierte de que los que se venden en la actualidad no funcionan bien, y los que estimulan el cerebro, como el del estudio, deben ser supervisados siempre por un m\u00e9dico.<\/p>\n<h3 class=\"ladillo\"><span style=\"color: #ff6600;\">Aplicaciones terap\u00e9uticas<\/span><\/h3>\n<p><img loading=\"lazy\" decoding=\"async\" data-attachment-id=\"15276\" data-permalink=\"https:\/\/sonrieparavivirmejor.com\/?attachment_id=15276\" data-orig-file=\"https:\/\/sonrieparavivirmejor.com\/wp-content\/uploads\/2018\/04\/lucidos07.jpg\" data-orig-size=\"644,362\" data-comments-opened=\"0\" data-image-meta=\"{&quot;aperture&quot;:&quot;0&quot;,&quot;credit&quot;:&quot;&quot;,&quot;camera&quot;:&quot;&quot;,&quot;caption&quot;:&quot;&quot;,&quot;created_timestamp&quot;:&quot;0&quot;,&quot;copyright&quot;:&quot;&quot;,&quot;focal_length&quot;:&quot;0&quot;,&quot;iso&quot;:&quot;0&quot;,&quot;shutter_speed&quot;:&quot;0&quot;,&quot;title&quot;:&quot;&quot;,&quot;orientation&quot;:&quot;0&quot;}\" data-image-title=\"lucidos07\" data-image-description=\"\" data-image-caption=\"\" data-medium-file=\"https:\/\/sonrieparavivirmejor.com\/wp-content\/uploads\/2018\/04\/lucidos07-300x169.jpg\" data-large-file=\"https:\/\/sonrieparavivirmejor.com\/wp-content\/uploads\/2018\/04\/lucidos07.jpg\" class=\"aligncenter size-full wp-image-15276\" src=\"https:\/\/sonrieparavivirmejor.com\/wp-content\/uploads\/2018\/04\/lucidos07.jpg\" alt=\"\" width=\"644\" height=\"362\" \/><\/p>\n<p>Provocar este tipo de sue\u00f1os artificialmente podr\u00eda ayudar a tratar trastornos tan frecuentes como la\u00a0<strong>depresi\u00f3n, la ansiedad o el trastorno de estr\u00e9s postraum\u00e1tico<\/strong>\u00a0(TEP), explicaba en Nature Neuroscience la Jessica Payne, del Departamento de Psicolog\u00eda, Memoria, Estr\u00e9s y Sue\u00f1o de la Universidad de Notre Dame (Indiana).<\/p>\n<p>Las pesadillas recurrentes que se producen en estos trastornos, especialmente en el TEP, podr\u00edan modificarse a voluntad si las personas afectadas fueran conscientes de que est\u00e1n so\u00f1ando, y podr\u00edan cambiar el final por otro menos traum\u00e1tico.<\/p>\n<p>Urusula Voss quiere ver su efectividad en la\u00a0<strong>esquizofrenia<\/strong>, donde el l\u00f3bulo frontal est\u00e1 menos activado y quiz\u00e1s entrenar en lucidez podr\u00eda ayudar a distinguir entre alucinaciones y realidad. Las \u00e1reas corticales activas durante un sue\u00f1o l\u00facido se superponen con las regiones del cerebro que est\u00e1n deterioradas en los pacientes no son conscientes de su enfermedad, seg\u00fan\u00a0<a href=\"http:\/\/www.ncbi.nlm.nih.gov\/pubmed\/25092021\">un estudio<\/a>.<\/p>\n<p>En otro \u00e1mbito, los sue\u00f1os l\u00facidos tienen que ver con el\u00a0<strong>pensamiento abstracto\u00a0<\/strong>y se abre la posibilidad de ense\u00f1ar esta t\u00e9cnica a ni\u00f1os de niveles acad\u00e9micos m\u00e1s bajos, porque quiz\u00e1 les ayude a llegar a un nivel de abstracci\u00f3n mayor.<\/p>\n<h3 class=\"ladillo\"><span style=\"color: #ff6600;\">Las personas con narcolepsia tienen m\u00e1s sue\u00f1os l\u00facidos<\/span><\/h3>\n<p><img loading=\"lazy\" decoding=\"async\" data-attachment-id=\"15277\" data-permalink=\"https:\/\/sonrieparavivirmejor.com\/?attachment_id=15277\" data-orig-file=\"https:\/\/sonrieparavivirmejor.com\/wp-content\/uploads\/2018\/04\/lucidos08.jpg\" data-orig-size=\"644,362\" data-comments-opened=\"0\" data-image-meta=\"{&quot;aperture&quot;:&quot;0&quot;,&quot;credit&quot;:&quot;&quot;,&quot;camera&quot;:&quot;&quot;,&quot;caption&quot;:&quot;&quot;,&quot;created_timestamp&quot;:&quot;0&quot;,&quot;copyright&quot;:&quot;&quot;,&quot;focal_length&quot;:&quot;0&quot;,&quot;iso&quot;:&quot;0&quot;,&quot;shutter_speed&quot;:&quot;0&quot;,&quot;title&quot;:&quot;&quot;,&quot;orientation&quot;:&quot;0&quot;}\" data-image-title=\"lucidos08\" data-image-description=\"\" data-image-caption=\"\" data-medium-file=\"https:\/\/sonrieparavivirmejor.com\/wp-content\/uploads\/2018\/04\/lucidos08-300x169.jpg\" data-large-file=\"https:\/\/sonrieparavivirmejor.com\/wp-content\/uploads\/2018\/04\/lucidos08.jpg\" class=\"aligncenter size-full wp-image-15277\" src=\"https:\/\/sonrieparavivirmejor.com\/wp-content\/uploads\/2018\/04\/lucidos08.jpg\" alt=\"\" width=\"644\" height=\"362\" \/><\/p>\n<p>Hacerse cosquillas a uno mismo no es posible. De ah\u00ed que los cient\u00edficos se fijen en esta curiosidad como una ejemplo de atenuaci\u00f3n sensorial en acciones llevadas a cabo por uno mismo. Pero hay excepciones, como cuando despertamos en la fase REM del sue\u00f1o, seg\u00fan un art\u00edculo publicado en \u00ab<a href=\"http:\/\/www.ncbi.nlm.nih.gov\/pubmed\/25278861\">Frontiers in Human Neuroscience<\/a>\u00bb hace unos meses, que s\u00ed se consigue. Se preguntaban si en los sue\u00f1os l\u00facidos pasar\u00eda lo mismo y para veriguarlo, los investigadores pidieron a los participantes que evaluaran sus sensaciones al hacerse cosquillas a s\u00ed mismos mientras estaban despiertos, lo imaginaban o experimentaban un sue\u00f1o l\u00facido.<\/p>\n<p>Sus resultados, explican, indican que la diferencia entre hacerse cosquillas a uno mismo y las cosquillas hechas por otros se borran en los sue\u00f1os l\u00facidos. Lo que les lleva a la conclusi\u00f3n especulativa de que en los sue\u00f1os l\u00facidos la atenuaci\u00f3n sensorial para las cosquillas \u00abde producci\u00f3n propia\u00bb se extiende a los personajes que aparecen en el sue\u00f1o, que tambi\u00e9n quedan incapacitados para hacer cosquillas a otros. No hay nada perfecto&#8230;<\/p>\n<h3 class=\"ladillo\"><span style=\"color: #ff6600;\">\u00bfDejan huella en el cerebro?<\/span><\/h3>\n<p><img loading=\"lazy\" decoding=\"async\" data-attachment-id=\"15278\" data-permalink=\"https:\/\/sonrieparavivirmejor.com\/?attachment_id=15278\" data-orig-file=\"https:\/\/sonrieparavivirmejor.com\/wp-content\/uploads\/2018\/04\/lucidos10.jpg\" data-orig-size=\"644,362\" data-comments-opened=\"0\" data-image-meta=\"{&quot;aperture&quot;:&quot;0&quot;,&quot;credit&quot;:&quot;&quot;,&quot;camera&quot;:&quot;&quot;,&quot;caption&quot;:&quot;&quot;,&quot;created_timestamp&quot;:&quot;0&quot;,&quot;copyright&quot;:&quot;&quot;,&quot;focal_length&quot;:&quot;0&quot;,&quot;iso&quot;:&quot;0&quot;,&quot;shutter_speed&quot;:&quot;0&quot;,&quot;title&quot;:&quot;&quot;,&quot;orientation&quot;:&quot;0&quot;}\" data-image-title=\"lucidos10\" data-image-description=\"\" data-image-caption=\"\" data-medium-file=\"https:\/\/sonrieparavivirmejor.com\/wp-content\/uploads\/2018\/04\/lucidos10-300x169.jpg\" data-large-file=\"https:\/\/sonrieparavivirmejor.com\/wp-content\/uploads\/2018\/04\/lucidos10.jpg\" class=\"aligncenter size-full wp-image-15278\" src=\"https:\/\/sonrieparavivirmejor.com\/wp-content\/uploads\/2018\/04\/lucidos10.jpg\" alt=\"\" width=\"644\" height=\"362\" \/><\/p>\n<p>La revista \u00ab<a href=\"http:\/\/www.ncbi.nlm.nih.gov\/pubmed\/24398162\">Medical Hypotheses<\/a>\u00bb describe el caso de un paciente con dolor cr\u00f3nico desde hac\u00eda 22 a\u00f1os y 2 a\u00f1os de tratamientos biopsicosociales sin resultado. Sin embargo, sufri\u00f3 una remisi\u00f3n completa del dolor despu\u00e9s de un sue\u00f1o l\u00facido. Los autores proponen para explicarlo que la reorganizaci\u00f3n del sistema nervioso central (la plasticidad neural) es un posible mecanismo para explicar el beneficio terap\u00e9utico de los tratamientos multidisciplinares, y puede establecer un marco para la reparaci\u00f3n de los nervios da\u00f1ados que provocan el dolor resistente al tratamiento. Y lo sorprendente es que en este caso deducen que se esa plasticidad ha tenido lugar a trav\u00e9s de un sue\u00f1o l\u00facido&#8230; De ser as\u00ed, los sue\u00f1os l\u00facidos dejar\u00edan huella en el cerebro<\/p>\n","protected":false},"excerpt":{"rendered":"<p>\u00bfSe puede aprender a controlar lo que so\u00f1amos? \u00bfTodo el mundo tiene sue\u00f1os l\u00facidos? \u00bfCu\u00e1l es su potencial terap\u00e9utico? Las \u00faltimas investigaciones responden estos interrogantes \u00bfQu\u00e9 son los sue\u00f1os l\u00facidos? Controlar los propios sue\u00f1os y vivir en ellos aventuras imposibles en la vida real es una idea tentadora que incluso se ha llevado al cine. [&hellip;]<\/p>\n","protected":false},"author":2,"featured_media":15280,"comment_status":"closed","ping_status":"open","sticky":false,"template":"","format":"standard","meta":{"jetpack_post_was_ever_published":false,"_jetpack_newsletter_access":"","_jetpack_dont_email_post_to_subs":true,"_jetpack_newsletter_tier_id":0,"_jetpack_memberships_contains_paywalled_content":false,"_jetpack_memberships_contains_paid_content":false,"footnotes":"","jetpack_publicize_message":"","jetpack_publicize_feature_enabled":true,"jetpack_social_post_already_shared":true,"jetpack_social_options":{"image_generator_settings":{"template":"highway","enabled":false},"version":2}},"categories":[6,4,9,7],"tags":[219,34,2,225],"class_list":["post-15269","post","type-post","status-publish","format-standard","has-post-thumbnail","hentry","category-cosas-que","category-curioso","category-deberian-ser-vistas","category-inspiran","tag-ciencia","tag-curioso","tag-destacado","tag-psicologia"],"jetpack_publicize_connections":[],"jetpack_featured_media_url":"https:\/\/sonrieparavivirmejor.com\/wp-content\/uploads\/2018\/04\/lucidos-destacada.jpg","jetpack_shortlink":"https:\/\/wp.me\/p61cFg-3Yh","jetpack-related-posts":[],"jetpack_sharing_enabled":true,"rttpg_featured_image_url":{"full":["https:\/\/sonrieparavivirmejor.com\/wp-content\/uploads\/2018\/04\/lucidos-destacada.jpg",1200,626,false],"landscape":["https:\/\/sonrieparavivirmejor.com\/wp-content\/uploads\/2018\/04\/lucidos-destacada.jpg",1200,626,false],"portraits":["https:\/\/sonrieparavivirmejor.com\/wp-content\/uploads\/2018\/04\/lucidos-destacada.jpg",1200,626,false],"thumbnail":["https:\/\/sonrieparavivirmejor.com\/wp-content\/uploads\/2018\/04\/lucidos-destacada-150x150.jpg",150,150,true],"medium":["https:\/\/sonrieparavivirmejor.com\/wp-content\/uploads\/2018\/04\/lucidos-destacada-300x157.jpg",300,157,true],"large":["https:\/\/sonrieparavivirmejor.com\/wp-content\/uploads\/2018\/04\/lucidos-destacada-1024x534.jpg",800,417,true],"rpg_gallery_admin_thumb":["https:\/\/sonrieparavivirmejor.com\/wp-content\/uploads\/2018\/04\/lucidos-destacada-150x150.jpg",150,150,true],"rpg_gallery_thumb":["https:\/\/sonrieparavivirmejor.com\/wp-content\/uploads\/2018\/04\/lucidos-destacada-150x150.jpg",150,150,true],"1536x1536":["https:\/\/sonrieparavivirmejor.com\/wp-content\/uploads\/2018\/04\/lucidos-destacada.jpg",1200,626,false],"2048x2048":["https:\/\/sonrieparavivirmejor.com\/wp-content\/uploads\/2018\/04\/lucidos-destacada.jpg",1200,626,false]},"rttpg_author":{"display_name":"Facundo","author_link":"https:\/\/sonrieparavivirmejor.com\/?author=2"},"rttpg_comment":0,"rttpg_category":"<a href=\"https:\/\/sonrieparavivirmejor.com\/?cat=6\" rel=\"category\">Cosas que<\/a> <a href=\"https:\/\/sonrieparavivirmejor.com\/?cat=4\" rel=\"category\">Curioso<\/a> <a href=\"https:\/\/sonrieparavivirmejor.com\/?cat=9\" rel=\"category\">Deberian ser vistas<\/a> <a href=\"https:\/\/sonrieparavivirmejor.com\/?cat=7\" rel=\"category\">Inspiran<\/a>","rttpg_excerpt":"\u00bfSe puede aprender a controlar lo que so\u00f1amos? \u00bfTodo el mundo tiene sue\u00f1os l\u00facidos? \u00bfCu\u00e1l es su potencial terap\u00e9utico? Las \u00faltimas investigaciones responden estos interrogantes \u00bfQu\u00e9 son los sue\u00f1os l\u00facidos? Controlar los propios sue\u00f1os y vivir en ellos aventuras imposibles en la vida real es una idea tentadora que incluso se ha llevado al cine.&hellip;","_links":{"self":[{"href":"https:\/\/sonrieparavivirmejor.com\/index.php?rest_route=\/wp\/v2\/posts\/15269","targetHints":{"allow":["GET"]}}],"collection":[{"href":"https:\/\/sonrieparavivirmejor.com\/index.php?rest_route=\/wp\/v2\/posts"}],"about":[{"href":"https:\/\/sonrieparavivirmejor.com\/index.php?rest_route=\/wp\/v2\/types\/post"}],"author":[{"embeddable":true,"href":"https:\/\/sonrieparavivirmejor.com\/index.php?rest_route=\/wp\/v2\/users\/2"}],"replies":[{"embeddable":true,"href":"https:\/\/sonrieparavivirmejor.com\/index.php?rest_route=%2Fwp%2Fv2%2Fcomments&post=15269"}],"version-history":[{"count":1,"href":"https:\/\/sonrieparavivirmejor.com\/index.php?rest_route=\/wp\/v2\/posts\/15269\/revisions"}],"predecessor-version":[{"id":15279,"href":"https:\/\/sonrieparavivirmejor.com\/index.php?rest_route=\/wp\/v2\/posts\/15269\/revisions\/15279"}],"wp:featuredmedia":[{"embeddable":true,"href":"https:\/\/sonrieparavivirmejor.com\/index.php?rest_route=\/wp\/v2\/media\/15280"}],"wp:attachment":[{"href":"https:\/\/sonrieparavivirmejor.com\/index.php?rest_route=%2Fwp%2Fv2%2Fmedia&parent=15269"}],"wp:term":[{"taxonomy":"category","embeddable":true,"href":"https:\/\/sonrieparavivirmejor.com\/index.php?rest_route=%2Fwp%2Fv2%2Fcategories&post=15269"},{"taxonomy":"post_tag","embeddable":true,"href":"https:\/\/sonrieparavivirmejor.com\/index.php?rest_route=%2Fwp%2Fv2%2Ftags&post=15269"}],"curies":[{"name":"wp","href":"https:\/\/api.w.org\/{rel}","templated":true}]}}