{"id":16457,"date":"2025-12-07T23:56:48","date_gmt":"2025-12-07T20:56:48","guid":{"rendered":"https:\/\/sonrieparavivirmejor.com\/?p=16457"},"modified":"2025-12-08T18:09:52","modified_gmt":"2025-12-08T15:09:52","slug":"lo-que-aprendi-viendo-jay-kelly","status":"publish","type":"post","link":"https:\/\/sonrieparavivirmejor.com\/?p=16457","title":{"rendered":"Lo que aprend\u00ed viendo \u201cJay Kelly\u201d"},"content":{"rendered":"\n<p>Hola a todos! espero est\u00e9n muy bien.<\/p>\n\n\n\n<p><strong>Spoiler alert!<\/strong><\/p>\n\n\n\n<p>Ayer vi una pel\u00edcula <em>\u00abJay Kelly\u00bb<\/em> protagonizada por Adam Sandler y George Clooney, ambos \u00edconos, adem\u00e1s del gran elenco.<br>Me sent\u00ed identificado, en algunos aspectos.<\/p>\n\n\n\n<p>Como nota al margen: me gust\u00f3 mucho que hayan nombrado a \u00abRobert de Niro\u00bb entre sus di\u00e1logos. Como ense\u00f1ando que el artista, en realidad o a veces, no trasciende por sus obras, sino por los recuerdos que tengan las personas sobre ellas. O mejor dicho: por su interpretaci\u00f3n.<br>Y en este caso particular, se mezcla con admiraci\u00f3n a un colega \u2014 que lo di\u00f3 todo, tambi\u00e9n.<\/p>\n\n\n\n<p>Personalmente, me he planteado la idea de ser actor alg\u00fan d\u00eda, pero son de esas cosas que te dicen y te meten en la mente: <em>\u201cvos podr\u00edas ser actor alg\u00fan d\u00eda, llegar\u00edas a Hollywood.\u201d<\/em><br>Pero, \u00bfrealmente quiero ir yo a Hollywood? Hoy no.<\/p>\n\n\n\n<p><strong>Reflexi\u00f3n en pausa:<\/strong> Ya tengo una profesi\u00f3n y me gusta mucho.<br>Pero mi mente se pone juguetona.<\/p>\n\n\n\n<hr class=\"wp-block-separator has-alpha-channel-opacity\"\/>\n\n\n\n<h3 class=\"wp-block-heading\"><strong>Aprend\u00ed de esta pel\u00edcula muchas cosas, por ejemplo:<\/strong><\/h3>\n\n\n\n<ul class=\"wp-block-list\">\n<li>Que en el \u00e9xito tambi\u00e9n hay soledad.<\/li>\n\n\n\n<li>Que uno puede estar rodeado de gente, pero sentirse solo e incomprendido. Yo me he sentido as\u00ed una infinidad de veces.<\/li>\n\n\n\n<li>Que a veces uno, por ser tan bueno, generoso y cort\u00e9s, te pueden llegar a destratar. Porque ven la realidad de otra manera. Y tambi\u00e9n se puede aprender de ello. Y me ha pasado tambi\u00e9n a m\u00ed, pero supe manejarlo sin violencia.<\/li>\n\n\n\n<li>Pienso que todo profesional, de diversas \u00e1reas, tambi\u00e9n se puede sentir identificado. Depender\u00e1 de su nivel de consciencia.<\/li>\n\n\n\n<li>Aprend\u00ed que por m\u00e1s que uno ame un trabajo o una obra, puede llegar el momento en que uno se aparte de ella. A\u00fan no s\u00e9 si ese es mi caso o no.<\/li>\n\n\n\n<li>Que las personas y relaciones, cuando crecen, deben ser protegidas y cuidadas.<\/li>\n\n\n\n<li>Que tambi\u00e9n otras personas buscan ese momento de reconocimiento integrador \u201cen la Toscana\u201d italiana.<\/li>\n\n\n\n<li>Para los que son padres, tambi\u00e9n: que por m\u00e1s esfuerzo que hagan en alinearse con los intereses de sus hijos, la gratitud no siempre aparece en el momento. Pero todo llega con el tiempo. A m\u00ed me pas\u00f3: con los a\u00f1os aprend\u00ed a reconocer a mis padres<\/li>\n\n\n\n<li>Y que uno puede ser \u201crey\u201d sin ir a Italia o a Hollywood. Simplemente estando donde uno mejor pueda estar.<\/li>\n<\/ul>\n\n\n\n<hr class=\"wp-block-separator has-alpha-channel-opacity\"\/>\n\n\n\n<p>Y para finalizar lo obvio:<br><strong>\u201cSer uno mismo\u201d tambi\u00e9n cuesta mucho, y pienso que es un buen anhelo a perseguir.<\/strong><\/p>\n\n\n\n<p>Lo digo as\u00ed porque, en el estilo de vida que a veces elegimos, ser uno mismo puede llegar a ser un <em>lujo<\/em> que pocos se pueden permitir.<\/p>\n\n\n\n<hr class=\"wp-block-separator has-alpha-channel-opacity\"\/>\n\n\n\n<hr class=\"wp-block-separator has-alpha-channel-opacity\"\/>\n\n\n\n<h3 class=\"wp-block-heading\"><strong>Escrito por JuanmaWeb<\/strong><\/h3>\n\n\n\n<p><a href=\"https:\/\/juanmaweb.com\/acercade\/\">Mis redes y proyectos<\/a><\/p>\n\n\n\n<p><\/p>\n","protected":false},"excerpt":{"rendered":"<p>Hola a todos! espero est\u00e9n muy bien. Spoiler alert! Ayer vi una pel\u00edcula \u00abJay Kelly\u00bb protagonizada por Adam Sandler y George Clooney, ambos \u00edconos, adem\u00e1s del gran elenco.Me sent\u00ed identificado, en algunos aspectos. Como nota al margen: me gust\u00f3 mucho que hayan nombrado a \u00abRobert de Niro\u00bb entre sus di\u00e1logos. Como ense\u00f1ando que el artista, [&hellip;]<\/p>\n","protected":false},"author":1,"featured_media":0,"comment_status":"closed","ping_status":"open","sticky":false,"template":"","format":"standard","meta":{"jetpack_post_was_ever_published":false,"_jetpack_newsletter_access":"","_jetpack_dont_email_post_to_subs":false,"_jetpack_newsletter_tier_id":0,"_jetpack_memberships_contains_paywalled_content":false,"_jetpack_memberships_contains_paid_content":false,"footnotes":"","jetpack_publicize_message":"","jetpack_publicize_feature_enabled":true,"jetpack_social_post_already_shared":true,"jetpack_social_options":{"image_generator_settings":{"template":"highway","enabled":false},"version":2}},"categories":[8,6,9,7,3],"tags":[],"class_list":["post-16457","post","type-post","status-publish","format-standard","hentry","category-ayudan","category-cosas-que","category-deberian-ser-vistas","category-inspiran","category-motivacion"],"jetpack_publicize_connections":[],"jetpack_featured_media_url":"","jetpack_shortlink":"https:\/\/wp.me\/p61cFg-4hr","jetpack-related-posts":[],"jetpack_sharing_enabled":true,"rttpg_featured_image_url":null,"rttpg_author":{"display_name":"juan","author_link":"https:\/\/sonrieparavivirmejor.com\/?author=1"},"rttpg_comment":0,"rttpg_category":"<a href=\"https:\/\/sonrieparavivirmejor.com\/?cat=8\" rel=\"category\">Ayudan<\/a> <a href=\"https:\/\/sonrieparavivirmejor.com\/?cat=6\" rel=\"category\">Cosas que<\/a> <a href=\"https:\/\/sonrieparavivirmejor.com\/?cat=9\" rel=\"category\">Deberian ser vistas<\/a> <a href=\"https:\/\/sonrieparavivirmejor.com\/?cat=7\" rel=\"category\">Inspiran<\/a> <a href=\"https:\/\/sonrieparavivirmejor.com\/?cat=3\" rel=\"category\">Motivacion<\/a>","rttpg_excerpt":"Hola a todos! espero est\u00e9n muy bien. Spoiler alert! Ayer vi una pel\u00edcula \u00abJay Kelly\u00bb protagonizada por Adam Sandler y George Clooney, ambos \u00edconos, adem\u00e1s del gran elenco.Me sent\u00ed identificado, en algunos aspectos. Como nota al margen: me gust\u00f3 mucho que hayan nombrado a \u00abRobert de Niro\u00bb entre sus di\u00e1logos. Como ense\u00f1ando que el artista,&hellip;","_links":{"self":[{"href":"https:\/\/sonrieparavivirmejor.com\/index.php?rest_route=\/wp\/v2\/posts\/16457","targetHints":{"allow":["GET"]}}],"collection":[{"href":"https:\/\/sonrieparavivirmejor.com\/index.php?rest_route=\/wp\/v2\/posts"}],"about":[{"href":"https:\/\/sonrieparavivirmejor.com\/index.php?rest_route=\/wp\/v2\/types\/post"}],"author":[{"embeddable":true,"href":"https:\/\/sonrieparavivirmejor.com\/index.php?rest_route=\/wp\/v2\/users\/1"}],"replies":[{"embeddable":true,"href":"https:\/\/sonrieparavivirmejor.com\/index.php?rest_route=%2Fwp%2Fv2%2Fcomments&post=16457"}],"version-history":[{"count":6,"href":"https:\/\/sonrieparavivirmejor.com\/index.php?rest_route=\/wp\/v2\/posts\/16457\/revisions"}],"predecessor-version":[{"id":16467,"href":"https:\/\/sonrieparavivirmejor.com\/index.php?rest_route=\/wp\/v2\/posts\/16457\/revisions\/16467"}],"wp:attachment":[{"href":"https:\/\/sonrieparavivirmejor.com\/index.php?rest_route=%2Fwp%2Fv2%2Fmedia&parent=16457"}],"wp:term":[{"taxonomy":"category","embeddable":true,"href":"https:\/\/sonrieparavivirmejor.com\/index.php?rest_route=%2Fwp%2Fv2%2Fcategories&post=16457"},{"taxonomy":"post_tag","embeddable":true,"href":"https:\/\/sonrieparavivirmejor.com\/index.php?rest_route=%2Fwp%2Fv2%2Ftags&post=16457"}],"curies":[{"name":"wp","href":"https:\/\/api.w.org\/{rel}","templated":true}]}}